{"id":9594,"date":"2017-03-22T13:48:55","date_gmt":"2017-03-22T12:48:55","guid":{"rendered":"https:\/\/fundacionfelipegonzalez-dev.servidortemporal.net\/quien-manda-aqui-2\/"},"modified":"2025-07-24T07:07:57","modified_gmt":"2025-07-24T05:07:57","slug":"quien-manda-aqui-2","status":"publish","type":"post","link":"https:\/\/fundacionfelipegonzalez.org\/gl\/quien-manda-aqui-2\/","title":{"rendered":"\u00bfQui\u00e9n manda aqu\u00ed?"},"content":{"rendered":"<p>En marzo de 2016, Felipe Gonz\u00e1lez asumiu a titularidade da C\u00e1tedra Jos\u00e9 Bonifacio, un programa acad\u00e9mico da Universidade de S\u00e3o Paulo, por iniciativa do Centro Iberoamericano (CIBA). O obxectivo deste programa acad\u00e9mico de charlas, presentaci\u00f3ns e preparaci\u00f3n de documentos \u00e9 reforzar as \u00abrelaci\u00f3ns iberoamericanas\u00bb coa axuda de personalidades do mundo da cultura, a econom\u00eda e a pol\u00edtica, e foi dirixida con anterioridade por N\u00e9lida Pi\u00f1\u00f3n, Ricardo Lagos ou Enrique Iglesias. Neste marco, a Fundaci\u00f3n Felipe Gonz\u00e1lez e Debate editaron \u00bfQui\u00e9n manda aqu\u00ed? (Quen manda aqu\u00ed). Unha publicaci\u00f3n que re\u00fane ensaios de doce expertos sobre os catro \u00abbloques\u00bb nos que se estrutura a c\u00e1tedra: a efectividade do goberno, a crise dos parlamentos como instituci\u00f3ns representativas, os conflitos entre o poder xudicial e os demais poderes do Estado, e os problemas que xera o proceso de globalizaci\u00f3n para a gobernanza democr\u00e1tica.<\/p>\n<p>O modelo de gobernanza das sociedades occidentais est\u00e1 en crise. Os alicerces b\u00e1sicos que sosti\u00f1an as democracias representativas son cada vez m\u00e1is cuestionados polos cidad\u00e1ns que viven nelas. Moitos votantes senten que as s\u00faas preferencias non son suficientemente tidas en conta polos pol\u00edticos, e \u00e1brense paso formas alternativas de canalizar as demandas cidad\u00e1s. \u00c1 s\u00faa vez, os gobernos qu\u00e9ixanse dos cada vez meirandes obst\u00e1culos e restrici\u00f3ns \u00e1s que se enfrontan \u00e1 hora de levar a cabo as s\u00faas pol\u00edticas. E os principios fundacionais de divisi\u00f3n de poderes, gobernos de maior\u00eda e rendici\u00f3n de contas democr\u00e1tica vense erosionados.<\/p>\n<p>Esta obra, que leva por subt\u00edtulo La crisis global de la democracia representativa (A crise global da democracia representativa), polo tanto, trata de achegar luz a estes problemas e ofrecer algunhas soluci\u00f3ns. Organ\u00edzase ao redor de catro cuesti\u00f3ns b\u00e1sicas: que fai que os gobernos sexan hoxe percibidos como ineficaces?, por que lles custa aos parlamentos cumprir o seu papel representativo?, como entender a crecente conflitividade nas relaci\u00f3ns entre poderes?, e en que medida a globalizaci\u00f3n afecta a viabilidade da democracia representativa como forma de goberno?<\/p>\n<p>Os autores dos artigos deste libro son Felipe Gonz\u00e1lez, Jos\u00e9 Fern\u00e1ndez-Albertos, Gerson Damiani, V\u00edctor Lapuente Gin\u00e9, Ignacio Molina, Roberto Gargarella, Rafael Jim\u00e9nez Asensio, Berta Barbet, Juan Rodr\u00edguez Teruel, Kelly Komatsu Agyopan, Alberto Penad\u00e9s e Wagner Pinheiro Pereira.<\/p>\n<p>\u00bfQui\u00e9n manda aqu\u00ed? La crisis global de la democracia representativa, foi presentado o 28 de marzo en Madrid, no Espazo Bertelsmann, nun acto p\u00fablico que contou con varios dos seus autores.<\/p>\n","protected":false},"excerpt":{"rendered":"<p>La Fundaci\u00f3n Felipe Gonz\u00e1lez y la editorial Debate publican un libro prologado por Felipe Gonz\u00e1lez en el que doce expertos reflexionan sobre la crisis que vive el modelo de gobernanza de las sociedades occidentales.<\/p>\n","protected":false},"author":7,"featured_media":9595,"comment_status":"closed","ping_status":"closed","sticky":false,"template":"","format":"standard","meta":{"_acf_changed":false,"footnotes":""},"categories":[76],"tags":[],"class_list":["post-9594","post","type-post","status-publish","format-standard","has-post-thumbnail","hentry","category-noticias-gl"],"acf":[],"yoast_head":"<!-- This site is optimized with the Yoast SEO plugin v27.5 - https:\/\/yoast.com\/product\/yoast-seo-wordpress\/ -->\n<title>\u00bfQui\u00e9n manda aqu\u00ed? - Fundaci\u00f3n Felipe Gonz\u00e1lez<\/title>\n<meta name=\"description\" content=\"La Fundaci\u00f3n Felipe Gonz\u00e1lez y Debate publican un libro prologado por Felipe Gonz\u00e1lez en el que doce expertos reflexionan sobre la crisis de la democracia.\" \/>\n<meta name=\"robots\" content=\"index, follow, max-snippet:-1, max-image-preview:large, max-video-preview:-1\" \/>\n<link rel=\"canonical\" href=\"https:\/\/fundacionfelipegonzalez.org\/gl\/quien-manda-aqui-2\/\" \/>\n<meta property=\"og:locale\" content=\"gl_ES\" \/>\n<meta property=\"og:type\" content=\"article\" \/>\n<meta property=\"og:title\" content=\"\u00bfQui\u00e9n manda aqu\u00ed? - Fundaci\u00f3n Felipe Gonz\u00e1lez\" \/>\n<meta property=\"og:description\" content=\"La Fundaci\u00f3n Felipe Gonz\u00e1lez y Debate publican un libro prologado por Felipe Gonz\u00e1lez en el que doce expertos reflexionan sobre la crisis de la democracia.\" \/>\n<meta property=\"og:url\" content=\"https:\/\/fundacionfelipegonzalez.org\/gl\/quien-manda-aqui-2\/\" \/>\n<meta property=\"og:site_name\" content=\"Fundaci\u00f3n Felipe Gonz\u00e1lez\" \/>\n<meta property=\"article:published_time\" content=\"2017-03-22T12:48:55+00:00\" \/>\n<meta property=\"article:modified_time\" content=\"2025-07-24T05:07:57+00:00\" \/>\n<meta property=\"og:image\" content=\"https:\/\/fundacionfelipegonzalez.org\/wp-content\/uploads\/2017\/03\/2.jpg\" \/>\n\t<meta property=\"og:image:width\" content=\"1200\" \/>\n\t<meta property=\"og:image:height\" content=\"800\" \/>\n\t<meta property=\"og:image:type\" content=\"image\/jpeg\" \/>\n<meta name=\"author\" content=\"Fundaci\u00f3n Felipe Gonz\u00e1lez\" \/>\n<meta name=\"twitter:card\" content=\"summary_large_image\" \/>\n<meta name=\"twitter:label1\" content=\"Escrito por\" \/>\n\t<meta name=\"twitter:data1\" content=\"Fundaci\u00f3n Felipe Gonz\u00e1lez\" \/>\n\t<meta name=\"twitter:label2\" content=\"Tempo de lectura\" \/>\n\t<meta name=\"twitter:data2\" content=\"2 minutos\" \/>\n<script type=\"application\/ld+json\" class=\"yoast-schema-graph\">{\"@context\":\"https:\\\/\\\/schema.org\",\"@graph\":[{\"@type\":\"Article\",\"@id\":\"https:\\\/\\\/fundacionfelipegonzalez.org\\\/gl\\\/quien-manda-aqui-2\\\/#article\",\"isPartOf\":{\"@id\":\"https:\\\/\\\/fundacionfelipegonzalez.org\\\/gl\\\/quien-manda-aqui-2\\\/\"},\"author\":{\"name\":\"Fundaci\u00f3n Felipe Gonz\u00e1lez\",\"@id\":\"https:\\\/\\\/fundacionfelipegonzalez.org\\\/gl\\\/#\\\/schema\\\/person\\\/c894d4985be026b10c4372d1dc93b4bb\"},\"headline\":\"\u00bfQui\u00e9n manda aqu\u00ed?\",\"datePublished\":\"2017-03-22T12:48:55+00:00\",\"dateModified\":\"2025-07-24T05:07:57+00:00\",\"mainEntityOfPage\":{\"@id\":\"https:\\\/\\\/fundacionfelipegonzalez.org\\\/gl\\\/quien-manda-aqui-2\\\/\"},\"wordCount\":441,\"publisher\":{\"@id\":\"https:\\\/\\\/fundacionfelipegonzalez.org\\\/gl\\\/#organization\"},\"image\":{\"@id\":\"https:\\\/\\\/fundacionfelipegonzalez.org\\\/gl\\\/quien-manda-aqui-2\\\/#primaryimage\"},\"thumbnailUrl\":\"https:\\\/\\\/fundacionfelipegonzalez.org\\\/wp-content\\\/uploads\\\/2017\\\/03\\\/2.jpg\",\"articleSection\":[\"Noticias\"],\"inLanguage\":\"gl-ES\"},{\"@type\":\"WebPage\",\"@id\":\"https:\\\/\\\/fundacionfelipegonzalez.org\\\/gl\\\/quien-manda-aqui-2\\\/\",\"url\":\"https:\\\/\\\/fundacionfelipegonzalez.org\\\/gl\\\/quien-manda-aqui-2\\\/\",\"name\":\"\u00bfQui\u00e9n manda aqu\u00ed? - Fundaci\u00f3n Felipe Gonz\u00e1lez\",\"isPartOf\":{\"@id\":\"https:\\\/\\\/fundacionfelipegonzalez.org\\\/gl\\\/#website\"},\"primaryImageOfPage\":{\"@id\":\"https:\\\/\\\/fundacionfelipegonzalez.org\\\/gl\\\/quien-manda-aqui-2\\\/#primaryimage\"},\"image\":{\"@id\":\"https:\\\/\\\/fundacionfelipegonzalez.org\\\/gl\\\/quien-manda-aqui-2\\\/#primaryimage\"},\"thumbnailUrl\":\"https:\\\/\\\/fundacionfelipegonzalez.org\\\/wp-content\\\/uploads\\\/2017\\\/03\\\/2.jpg\",\"datePublished\":\"2017-03-22T12:48:55+00:00\",\"dateModified\":\"2025-07-24T05:07:57+00:00\",\"description\":\"La Fundaci\u00f3n Felipe Gonz\u00e1lez y Debate publican un libro prologado por Felipe Gonz\u00e1lez en el que doce expertos reflexionan sobre la crisis de la democracia.\",\"breadcrumb\":{\"@id\":\"https:\\\/\\\/fundacionfelipegonzalez.org\\\/gl\\\/quien-manda-aqui-2\\\/#breadcrumb\"},\"inLanguage\":\"gl-ES\",\"potentialAction\":[{\"@type\":\"ReadAction\",\"target\":[\"https:\\\/\\\/fundacionfelipegonzalez.org\\\/gl\\\/quien-manda-aqui-2\\\/\"]}]},{\"@type\":\"ImageObject\",\"inLanguage\":\"gl-ES\",\"@id\":\"https:\\\/\\\/fundacionfelipegonzalez.org\\\/gl\\\/quien-manda-aqui-2\\\/#primaryimage\",\"url\":\"https:\\\/\\\/fundacionfelipegonzalez.org\\\/wp-content\\\/uploads\\\/2017\\\/03\\\/2.jpg\",\"contentUrl\":\"https:\\\/\\\/fundacionfelipegonzalez.org\\\/wp-content\\\/uploads\\\/2017\\\/03\\\/2.jpg\",\"width\":1200,\"height\":800},{\"@type\":\"BreadcrumbList\",\"@id\":\"https:\\\/\\\/fundacionfelipegonzalez.org\\\/gl\\\/quien-manda-aqui-2\\\/#breadcrumb\",\"itemListElement\":[{\"@type\":\"ListItem\",\"position\":1,\"name\":\"Portada\",\"item\":\"https:\\\/\\\/fundacionfelipegonzalez.org\\\/gl\\\/\"},{\"@type\":\"ListItem\",\"position\":2,\"name\":\"\u00bfQui\u00e9n manda aqu\u00ed?\"}]},{\"@type\":\"WebSite\",\"@id\":\"https:\\\/\\\/fundacionfelipegonzalez.org\\\/gl\\\/#website\",\"url\":\"https:\\\/\\\/fundacionfelipegonzalez.org\\\/gl\\\/\",\"name\":\"Fundaci\u00f3n Felipe Gonz\u00e1lez\",\"description\":\"\",\"publisher\":{\"@id\":\"https:\\\/\\\/fundacionfelipegonzalez.org\\\/gl\\\/#organization\"},\"potentialAction\":[{\"@type\":\"SearchAction\",\"target\":{\"@type\":\"EntryPoint\",\"urlTemplate\":\"https:\\\/\\\/fundacionfelipegonzalez.org\\\/gl\\\/?s={search_term_string}\"},\"query-input\":{\"@type\":\"PropertyValueSpecification\",\"valueRequired\":true,\"valueName\":\"search_term_string\"}}],\"inLanguage\":\"gl-ES\"},{\"@type\":\"Organization\",\"@id\":\"https:\\\/\\\/fundacionfelipegonzalez.org\\\/gl\\\/#organization\",\"name\":\"Fundaci\u00f3n Felipe Gonz\u00e1lez\",\"url\":\"https:\\\/\\\/fundacionfelipegonzalez.org\\\/gl\\\/\",\"logo\":{\"@type\":\"ImageObject\",\"inLanguage\":\"gl-ES\",\"@id\":\"https:\\\/\\\/fundacionfelipegonzalez.org\\\/gl\\\/#\\\/schema\\\/logo\\\/image\\\/\",\"url\":\"https:\\\/\\\/fundacionfelipegonzalez.org\\\/wp-content\\\/uploads\\\/2025\\\/07\\\/logo.png\",\"contentUrl\":\"https:\\\/\\\/fundacionfelipegonzalez.org\\\/wp-content\\\/uploads\\\/2025\\\/07\\\/logo.png\",\"width\":675,\"height\":170,\"caption\":\"Fundaci\u00f3n Felipe Gonz\u00e1lez\"},\"image\":{\"@id\":\"https:\\\/\\\/fundacionfelipegonzalez.org\\\/gl\\\/#\\\/schema\\\/logo\\\/image\\\/\"}},{\"@type\":\"Person\",\"@id\":\"https:\\\/\\\/fundacionfelipegonzalez.org\\\/gl\\\/#\\\/schema\\\/person\\\/c894d4985be026b10c4372d1dc93b4bb\",\"name\":\"Fundaci\u00f3n Felipe Gonz\u00e1lez\",\"image\":{\"@type\":\"ImageObject\",\"inLanguage\":\"gl-ES\",\"@id\":\"https:\\\/\\\/secure.gravatar.com\\\/avatar\\\/ba8e32eb173683b777b4d3a137243ce650ef88c5ef1a8326042e938dac2fcb33?s=96&d=mm&r=g\",\"url\":\"https:\\\/\\\/secure.gravatar.com\\\/avatar\\\/ba8e32eb173683b777b4d3a137243ce650ef88c5ef1a8326042e938dac2fcb33?s=96&d=mm&r=g\",\"contentUrl\":\"https:\\\/\\\/secure.gravatar.com\\\/avatar\\\/ba8e32eb173683b777b4d3a137243ce650ef88c5ef1a8326042e938dac2fcb33?s=96&d=mm&r=g\",\"caption\":\"Fundaci\u00f3n Felipe Gonz\u00e1lez\"}}]}<\/script>\n<!-- \/ Yoast SEO plugin. -->","yoast_head_json":{"title":"\u00bfQui\u00e9n manda aqu\u00ed? - Fundaci\u00f3n Felipe Gonz\u00e1lez","description":"La Fundaci\u00f3n Felipe Gonz\u00e1lez y Debate publican un libro prologado por Felipe Gonz\u00e1lez en el que doce expertos reflexionan sobre la crisis de la democracia.","robots":{"index":"index","follow":"follow","max-snippet":"max-snippet:-1","max-image-preview":"max-image-preview:large","max-video-preview":"max-video-preview:-1"},"canonical":"https:\/\/fundacionfelipegonzalez.org\/gl\/quien-manda-aqui-2\/","og_locale":"gl_ES","og_type":"article","og_title":"\u00bfQui\u00e9n manda aqu\u00ed? - Fundaci\u00f3n Felipe Gonz\u00e1lez","og_description":"La Fundaci\u00f3n Felipe Gonz\u00e1lez y Debate publican un libro prologado por Felipe Gonz\u00e1lez en el que doce expertos reflexionan sobre la crisis de la democracia.","og_url":"https:\/\/fundacionfelipegonzalez.org\/gl\/quien-manda-aqui-2\/","og_site_name":"Fundaci\u00f3n Felipe Gonz\u00e1lez","article_published_time":"2017-03-22T12:48:55+00:00","article_modified_time":"2025-07-24T05:07:57+00:00","og_image":[{"width":1200,"height":800,"url":"https:\/\/fundacionfelipegonzalez.org\/wp-content\/uploads\/2017\/03\/2.jpg","type":"image\/jpeg"}],"author":"Fundaci\u00f3n Felipe Gonz\u00e1lez","twitter_card":"summary_large_image","twitter_misc":{"Escrito por":"Fundaci\u00f3n Felipe Gonz\u00e1lez","Tempo de lectura":"2 minutos"},"schema":{"@context":"https:\/\/schema.org","@graph":[{"@type":"Article","@id":"https:\/\/fundacionfelipegonzalez.org\/gl\/quien-manda-aqui-2\/#article","isPartOf":{"@id":"https:\/\/fundacionfelipegonzalez.org\/gl\/quien-manda-aqui-2\/"},"author":{"name":"Fundaci\u00f3n Felipe Gonz\u00e1lez","@id":"https:\/\/fundacionfelipegonzalez.org\/gl\/#\/schema\/person\/c894d4985be026b10c4372d1dc93b4bb"},"headline":"\u00bfQui\u00e9n manda aqu\u00ed?","datePublished":"2017-03-22T12:48:55+00:00","dateModified":"2025-07-24T05:07:57+00:00","mainEntityOfPage":{"@id":"https:\/\/fundacionfelipegonzalez.org\/gl\/quien-manda-aqui-2\/"},"wordCount":441,"publisher":{"@id":"https:\/\/fundacionfelipegonzalez.org\/gl\/#organization"},"image":{"@id":"https:\/\/fundacionfelipegonzalez.org\/gl\/quien-manda-aqui-2\/#primaryimage"},"thumbnailUrl":"https:\/\/fundacionfelipegonzalez.org\/wp-content\/uploads\/2017\/03\/2.jpg","articleSection":["Noticias"],"inLanguage":"gl-ES"},{"@type":"WebPage","@id":"https:\/\/fundacionfelipegonzalez.org\/gl\/quien-manda-aqui-2\/","url":"https:\/\/fundacionfelipegonzalez.org\/gl\/quien-manda-aqui-2\/","name":"\u00bfQui\u00e9n manda aqu\u00ed? - Fundaci\u00f3n Felipe Gonz\u00e1lez","isPartOf":{"@id":"https:\/\/fundacionfelipegonzalez.org\/gl\/#website"},"primaryImageOfPage":{"@id":"https:\/\/fundacionfelipegonzalez.org\/gl\/quien-manda-aqui-2\/#primaryimage"},"image":{"@id":"https:\/\/fundacionfelipegonzalez.org\/gl\/quien-manda-aqui-2\/#primaryimage"},"thumbnailUrl":"https:\/\/fundacionfelipegonzalez.org\/wp-content\/uploads\/2017\/03\/2.jpg","datePublished":"2017-03-22T12:48:55+00:00","dateModified":"2025-07-24T05:07:57+00:00","description":"La Fundaci\u00f3n Felipe Gonz\u00e1lez y Debate publican un libro prologado por Felipe Gonz\u00e1lez en el que doce expertos reflexionan sobre la crisis de la democracia.","breadcrumb":{"@id":"https:\/\/fundacionfelipegonzalez.org\/gl\/quien-manda-aqui-2\/#breadcrumb"},"inLanguage":"gl-ES","potentialAction":[{"@type":"ReadAction","target":["https:\/\/fundacionfelipegonzalez.org\/gl\/quien-manda-aqui-2\/"]}]},{"@type":"ImageObject","inLanguage":"gl-ES","@id":"https:\/\/fundacionfelipegonzalez.org\/gl\/quien-manda-aqui-2\/#primaryimage","url":"https:\/\/fundacionfelipegonzalez.org\/wp-content\/uploads\/2017\/03\/2.jpg","contentUrl":"https:\/\/fundacionfelipegonzalez.org\/wp-content\/uploads\/2017\/03\/2.jpg","width":1200,"height":800},{"@type":"BreadcrumbList","@id":"https:\/\/fundacionfelipegonzalez.org\/gl\/quien-manda-aqui-2\/#breadcrumb","itemListElement":[{"@type":"ListItem","position":1,"name":"Portada","item":"https:\/\/fundacionfelipegonzalez.org\/gl\/"},{"@type":"ListItem","position":2,"name":"\u00bfQui\u00e9n manda aqu\u00ed?"}]},{"@type":"WebSite","@id":"https:\/\/fundacionfelipegonzalez.org\/gl\/#website","url":"https:\/\/fundacionfelipegonzalez.org\/gl\/","name":"Fundaci\u00f3n Felipe Gonz\u00e1lez","description":"","publisher":{"@id":"https:\/\/fundacionfelipegonzalez.org\/gl\/#organization"},"potentialAction":[{"@type":"SearchAction","target":{"@type":"EntryPoint","urlTemplate":"https:\/\/fundacionfelipegonzalez.org\/gl\/?s={search_term_string}"},"query-input":{"@type":"PropertyValueSpecification","valueRequired":true,"valueName":"search_term_string"}}],"inLanguage":"gl-ES"},{"@type":"Organization","@id":"https:\/\/fundacionfelipegonzalez.org\/gl\/#organization","name":"Fundaci\u00f3n Felipe Gonz\u00e1lez","url":"https:\/\/fundacionfelipegonzalez.org\/gl\/","logo":{"@type":"ImageObject","inLanguage":"gl-ES","@id":"https:\/\/fundacionfelipegonzalez.org\/gl\/#\/schema\/logo\/image\/","url":"https:\/\/fundacionfelipegonzalez.org\/wp-content\/uploads\/2025\/07\/logo.png","contentUrl":"https:\/\/fundacionfelipegonzalez.org\/wp-content\/uploads\/2025\/07\/logo.png","width":675,"height":170,"caption":"Fundaci\u00f3n Felipe Gonz\u00e1lez"},"image":{"@id":"https:\/\/fundacionfelipegonzalez.org\/gl\/#\/schema\/logo\/image\/"}},{"@type":"Person","@id":"https:\/\/fundacionfelipegonzalez.org\/gl\/#\/schema\/person\/c894d4985be026b10c4372d1dc93b4bb","name":"Fundaci\u00f3n Felipe Gonz\u00e1lez","image":{"@type":"ImageObject","inLanguage":"gl-ES","@id":"https:\/\/secure.gravatar.com\/avatar\/ba8e32eb173683b777b4d3a137243ce650ef88c5ef1a8326042e938dac2fcb33?s=96&d=mm&r=g","url":"https:\/\/secure.gravatar.com\/avatar\/ba8e32eb173683b777b4d3a137243ce650ef88c5ef1a8326042e938dac2fcb33?s=96&d=mm&r=g","contentUrl":"https:\/\/secure.gravatar.com\/avatar\/ba8e32eb173683b777b4d3a137243ce650ef88c5ef1a8326042e938dac2fcb33?s=96&d=mm&r=g","caption":"Fundaci\u00f3n Felipe Gonz\u00e1lez"}}]}},"_links":{"self":[{"href":"https:\/\/fundacionfelipegonzalez.org\/gl\/wp-json\/wp\/v2\/posts\/9594","targetHints":{"allow":["GET"]}}],"collection":[{"href":"https:\/\/fundacionfelipegonzalez.org\/gl\/wp-json\/wp\/v2\/posts"}],"about":[{"href":"https:\/\/fundacionfelipegonzalez.org\/gl\/wp-json\/wp\/v2\/types\/post"}],"author":[{"embeddable":true,"href":"https:\/\/fundacionfelipegonzalez.org\/gl\/wp-json\/wp\/v2\/users\/7"}],"replies":[{"embeddable":true,"href":"https:\/\/fundacionfelipegonzalez.org\/gl\/wp-json\/wp\/v2\/comments?post=9594"}],"version-history":[{"count":1,"href":"https:\/\/fundacionfelipegonzalez.org\/gl\/wp-json\/wp\/v2\/posts\/9594\/revisions"}],"predecessor-version":[{"id":9629,"href":"https:\/\/fundacionfelipegonzalez.org\/gl\/wp-json\/wp\/v2\/posts\/9594\/revisions\/9629"}],"wp:featuredmedia":[{"embeddable":true,"href":"https:\/\/fundacionfelipegonzalez.org\/gl\/wp-json\/wp\/v2\/media\/9595"}],"wp:attachment":[{"href":"https:\/\/fundacionfelipegonzalez.org\/gl\/wp-json\/wp\/v2\/media?parent=9594"}],"wp:term":[{"taxonomy":"category","embeddable":true,"href":"https:\/\/fundacionfelipegonzalez.org\/gl\/wp-json\/wp\/v2\/categories?post=9594"},{"taxonomy":"post_tag","embeddable":true,"href":"https:\/\/fundacionfelipegonzalez.org\/gl\/wp-json\/wp\/v2\/tags?post=9594"}],"curies":[{"name":"wp","href":"https:\/\/api.w.org\/{rel}","templated":true}]}}