{"id":9590,"date":"2017-03-22T13:48:55","date_gmt":"2017-03-22T12:48:55","guid":{"rendered":"https:\/\/fundacionfelipegonzalez-dev.servidortemporal.net\/quien-manda-aqui-2\/"},"modified":"2025-07-24T07:07:35","modified_gmt":"2025-07-24T05:07:35","slug":"quien-manda-aqui-2","status":"publish","type":"post","link":"https:\/\/fundacionfelipegonzalez.org\/ca\/quien-manda-aqui-2\/","title":{"rendered":"\u00bfQui\u00e9n manda aqu\u00ed?"},"content":{"rendered":"<p>El mar\u00e7 de 2016, Felipe Gonz\u00e1lez va assumir la titularitat de la C\u00e0tedra Jos\u00e9 Bonifacio, un programa acad\u00e8mic de la Universitat de S\u00e3o Paulo, per iniciativa del Centre Iberoameric\u00e0 (CIBA). L&#8217;objectiu d&#8217;aquest programa acad\u00e8mic de xerrades, presentacions i preparaci\u00f3 de documents \u00e9s refor\u00e7ar les \u00abrelacions iberoamericanes\u00bb amb el suport de personalitats del m\u00f3n de la cultura, l&#8217;economia i la pol\u00edtica. L&#8217;han dirigit anteriorment persones com N\u00e9lida Pi\u00f1\u00f3n, Ricardo Lagos o Enrique Iglesias.<\/p>\n<p>En aquest context, la Fundaci\u00f3 Felipe Gonz\u00e1lez i l&#8217;editorial Debate han editat <em>\u00bfQui\u00e9n manda aqu\u00ed?<\/em> Es tracta d&#8217;una publicaci\u00f3 que aplega assajos de dotze experts sobre els quatre \u00abblocs\u00bb en qu\u00e8 s&#8217;estructura la c\u00e0tedra: l&#8217;efectivitat del govern, la crisi dels parlaments com a institucions representatives, els conflictes entre el poder judicial i la resta de poders de l&#8217;Estat i els problemes que genera el proc\u00e9s de globalitzaci\u00f3 per a la governan\u00e7a democr\u00e0tica.<\/p>\n<p>El model de governan\u00e7a de les societats occidentals est\u00e0 en crisi. Els pilars b\u00e0sics que sostenien les democr\u00e0cies representatives s\u00f3n cada vegada m\u00e9s q\u00fcestionats pels ciutadans que hi viuen. Molts votants senten que els pol\u00edtics no tenen prou en compte les seves prefer\u00e8ncies; aix\u00f2 d\u00f3na lloc a formes alternatives de canalitzar les demandes ciutadanes. Al seu torn, els governs es queixen dels obstacles i restriccions, cada vegada m\u00e9s importants, que han de fer front a l&#8217;hora de dur a terme les pol\u00edtiques. El resultat \u00e9s que s&#8217;erosionen els principis fundacionals de divisi\u00f3 de poders, governs de majoria i rendici\u00f3 de comptes.<\/p>\n<p>Aquesta obra, que porta per subt\u00edtol <em>La crisis global de la democracia representativa<\/em>, es proposa encarar aquests problemes i oferir-hi algunes solucions. S&#8217;estructura al voltant de quatre preguntes b\u00e0siques: qu\u00e8 provoca que els governs es percebin avui dia com a inefectius? Per qu\u00e8 els parlaments tenen dificultats per complir el seu paper representatiu? Com es pot entendre la creixent conflictivitat en les relacions entre poders? Fins a quin punt influeix la globalitzaci\u00f3 en la viabilitat de la democr\u00e0cia representativa com a forma de govern?<\/p>\n<p>Els autors dels articles del llibre s\u00f3n Felipe Gonz\u00e1lez, Jos\u00e9 Fern\u00e1ndez-Albertos, Gerson Damiani, V\u00edctor Lapuente Gin\u00e9, Ignacio Molina, Roberto Gargarella, Rafael Jim\u00e9nez Asensio, Berta Barbet, Juan Rodr\u00edguez Teruel, Kelly Komatsu Agyopan, Alberto Penad\u00e9s i Wagner Pinheiro Pereira.<\/p>\n<p><em>\u00bfQui\u00e9n manda aqu\u00ed? La crisis global de la democracia representativa <\/em>es va presentar el 28 de mar\u00e7 a Madrid, a l&#8217;espai Bertelsmann, en un acte p\u00fablic al qual van assistir alguns dels autors.<\/p>\n","protected":false},"excerpt":{"rendered":"<p>La Fundaci\u00f3n Felipe Gonz\u00e1lez y la editorial Debate publican un libro prologado por Felipe Gonz\u00e1lez en el que doce expertos reflexionan sobre la crisis que vive el modelo de gobernanza de las sociedades occidentales.<\/p>\n","protected":false},"author":7,"featured_media":9591,"comment_status":"closed","ping_status":"closed","sticky":false,"template":"","format":"standard","meta":{"_acf_changed":false,"footnotes":""},"categories":[74],"tags":[],"class_list":["post-9590","post","type-post","status-publish","format-standard","has-post-thumbnail","hentry","category-noticies"],"acf":[],"yoast_head":"<!-- This site is optimized with the Yoast SEO plugin v27.5 - https:\/\/yoast.com\/product\/yoast-seo-wordpress\/ -->\n<title>\u00bfQui\u00e9n manda aqu\u00ed? - Fundaci\u00f3n Felipe Gonz\u00e1lez<\/title>\n<meta name=\"description\" content=\"La Fundaci\u00f3n Felipe Gonz\u00e1lez y Debate publican un libro prologado por Felipe Gonz\u00e1lez en el que doce expertos reflexionan sobre la crisis de la democracia.\" \/>\n<meta name=\"robots\" content=\"index, follow, max-snippet:-1, max-image-preview:large, max-video-preview:-1\" \/>\n<link rel=\"canonical\" href=\"https:\/\/fundacionfelipegonzalez.org\/ca\/quien-manda-aqui-2\/\" \/>\n<meta property=\"og:locale\" content=\"ca_ES\" \/>\n<meta property=\"og:type\" content=\"article\" \/>\n<meta property=\"og:title\" content=\"\u00bfQui\u00e9n manda aqu\u00ed? - Fundaci\u00f3n Felipe Gonz\u00e1lez\" \/>\n<meta property=\"og:description\" content=\"La Fundaci\u00f3n Felipe Gonz\u00e1lez y Debate publican un libro prologado por Felipe Gonz\u00e1lez en el que doce expertos reflexionan sobre la crisis de la democracia.\" \/>\n<meta property=\"og:url\" content=\"https:\/\/fundacionfelipegonzalez.org\/ca\/quien-manda-aqui-2\/\" \/>\n<meta property=\"og:site_name\" content=\"Fundaci\u00f3n Felipe Gonz\u00e1lez\" \/>\n<meta property=\"article:published_time\" content=\"2017-03-22T12:48:55+00:00\" \/>\n<meta property=\"article:modified_time\" content=\"2025-07-24T05:07:35+00:00\" \/>\n<meta property=\"og:image\" content=\"https:\/\/fundacionfelipegonzalez.org\/wp-content\/uploads\/2017\/03\/2.jpg\" \/>\n\t<meta property=\"og:image:width\" content=\"1200\" \/>\n\t<meta property=\"og:image:height\" content=\"800\" \/>\n\t<meta property=\"og:image:type\" content=\"image\/jpeg\" \/>\n<meta name=\"author\" content=\"Fundaci\u00f3n Felipe Gonz\u00e1lez\" \/>\n<meta name=\"twitter:card\" content=\"summary_large_image\" \/>\n<meta name=\"twitter:label1\" content=\"Escrit per\" \/>\n\t<meta name=\"twitter:data1\" content=\"Fundaci\u00f3n Felipe Gonz\u00e1lez\" \/>\n\t<meta name=\"twitter:label2\" content=\"Temps estimat de lectura\" \/>\n\t<meta name=\"twitter:data2\" content=\"3 minuts\" \/>\n<script type=\"application\/ld+json\" class=\"yoast-schema-graph\">{\"@context\":\"https:\\\/\\\/schema.org\",\"@graph\":[{\"@type\":\"Article\",\"@id\":\"https:\\\/\\\/fundacionfelipegonzalez.org\\\/ca\\\/quien-manda-aqui-2\\\/#article\",\"isPartOf\":{\"@id\":\"https:\\\/\\\/fundacionfelipegonzalez.org\\\/ca\\\/quien-manda-aqui-2\\\/\"},\"author\":{\"name\":\"Fundaci\u00f3n Felipe Gonz\u00e1lez\",\"@id\":\"https:\\\/\\\/fundacionfelipegonzalez.org\\\/ca\\\/#\\\/schema\\\/person\\\/c894d4985be026b10c4372d1dc93b4bb\"},\"headline\":\"\u00bfQui\u00e9n manda aqu\u00ed?\",\"datePublished\":\"2017-03-22T12:48:55+00:00\",\"dateModified\":\"2025-07-24T05:07:35+00:00\",\"mainEntityOfPage\":{\"@id\":\"https:\\\/\\\/fundacionfelipegonzalez.org\\\/ca\\\/quien-manda-aqui-2\\\/\"},\"wordCount\":453,\"publisher\":{\"@id\":\"https:\\\/\\\/fundacionfelipegonzalez.org\\\/ca\\\/#organization\"},\"image\":{\"@id\":\"https:\\\/\\\/fundacionfelipegonzalez.org\\\/ca\\\/quien-manda-aqui-2\\\/#primaryimage\"},\"thumbnailUrl\":\"https:\\\/\\\/fundacionfelipegonzalez.org\\\/wp-content\\\/uploads\\\/2017\\\/03\\\/2.jpg\",\"articleSection\":[\"Not\u00edcies\"],\"inLanguage\":\"ca\"},{\"@type\":\"WebPage\",\"@id\":\"https:\\\/\\\/fundacionfelipegonzalez.org\\\/ca\\\/quien-manda-aqui-2\\\/\",\"url\":\"https:\\\/\\\/fundacionfelipegonzalez.org\\\/ca\\\/quien-manda-aqui-2\\\/\",\"name\":\"\u00bfQui\u00e9n manda aqu\u00ed? - Fundaci\u00f3n Felipe Gonz\u00e1lez\",\"isPartOf\":{\"@id\":\"https:\\\/\\\/fundacionfelipegonzalez.org\\\/ca\\\/#website\"},\"primaryImageOfPage\":{\"@id\":\"https:\\\/\\\/fundacionfelipegonzalez.org\\\/ca\\\/quien-manda-aqui-2\\\/#primaryimage\"},\"image\":{\"@id\":\"https:\\\/\\\/fundacionfelipegonzalez.org\\\/ca\\\/quien-manda-aqui-2\\\/#primaryimage\"},\"thumbnailUrl\":\"https:\\\/\\\/fundacionfelipegonzalez.org\\\/wp-content\\\/uploads\\\/2017\\\/03\\\/2.jpg\",\"datePublished\":\"2017-03-22T12:48:55+00:00\",\"dateModified\":\"2025-07-24T05:07:35+00:00\",\"description\":\"La Fundaci\u00f3n Felipe Gonz\u00e1lez y Debate publican un libro prologado por Felipe Gonz\u00e1lez en el que doce expertos reflexionan sobre la crisis de la democracia.\",\"breadcrumb\":{\"@id\":\"https:\\\/\\\/fundacionfelipegonzalez.org\\\/ca\\\/quien-manda-aqui-2\\\/#breadcrumb\"},\"inLanguage\":\"ca\",\"potentialAction\":[{\"@type\":\"ReadAction\",\"target\":[\"https:\\\/\\\/fundacionfelipegonzalez.org\\\/ca\\\/quien-manda-aqui-2\\\/\"]}]},{\"@type\":\"ImageObject\",\"inLanguage\":\"ca\",\"@id\":\"https:\\\/\\\/fundacionfelipegonzalez.org\\\/ca\\\/quien-manda-aqui-2\\\/#primaryimage\",\"url\":\"https:\\\/\\\/fundacionfelipegonzalez.org\\\/wp-content\\\/uploads\\\/2017\\\/03\\\/2.jpg\",\"contentUrl\":\"https:\\\/\\\/fundacionfelipegonzalez.org\\\/wp-content\\\/uploads\\\/2017\\\/03\\\/2.jpg\",\"width\":1200,\"height\":800},{\"@type\":\"BreadcrumbList\",\"@id\":\"https:\\\/\\\/fundacionfelipegonzalez.org\\\/ca\\\/quien-manda-aqui-2\\\/#breadcrumb\",\"itemListElement\":[{\"@type\":\"ListItem\",\"position\":1,\"name\":\"Portada\",\"item\":\"https:\\\/\\\/fundacionfelipegonzalez.org\\\/ca\\\/\"},{\"@type\":\"ListItem\",\"position\":2,\"name\":\"\u00bfQui\u00e9n manda aqu\u00ed?\"}]},{\"@type\":\"WebSite\",\"@id\":\"https:\\\/\\\/fundacionfelipegonzalez.org\\\/ca\\\/#website\",\"url\":\"https:\\\/\\\/fundacionfelipegonzalez.org\\\/ca\\\/\",\"name\":\"Fundaci\u00f3n Felipe Gonz\u00e1lez\",\"description\":\"\",\"publisher\":{\"@id\":\"https:\\\/\\\/fundacionfelipegonzalez.org\\\/ca\\\/#organization\"},\"potentialAction\":[{\"@type\":\"SearchAction\",\"target\":{\"@type\":\"EntryPoint\",\"urlTemplate\":\"https:\\\/\\\/fundacionfelipegonzalez.org\\\/ca\\\/?s={search_term_string}\"},\"query-input\":{\"@type\":\"PropertyValueSpecification\",\"valueRequired\":true,\"valueName\":\"search_term_string\"}}],\"inLanguage\":\"ca\"},{\"@type\":\"Organization\",\"@id\":\"https:\\\/\\\/fundacionfelipegonzalez.org\\\/ca\\\/#organization\",\"name\":\"Fundaci\u00f3n Felipe Gonz\u00e1lez\",\"url\":\"https:\\\/\\\/fundacionfelipegonzalez.org\\\/ca\\\/\",\"logo\":{\"@type\":\"ImageObject\",\"inLanguage\":\"ca\",\"@id\":\"https:\\\/\\\/fundacionfelipegonzalez.org\\\/ca\\\/#\\\/schema\\\/logo\\\/image\\\/\",\"url\":\"https:\\\/\\\/fundacionfelipegonzalez.org\\\/wp-content\\\/uploads\\\/2025\\\/07\\\/logo.png\",\"contentUrl\":\"https:\\\/\\\/fundacionfelipegonzalez.org\\\/wp-content\\\/uploads\\\/2025\\\/07\\\/logo.png\",\"width\":675,\"height\":170,\"caption\":\"Fundaci\u00f3n Felipe Gonz\u00e1lez\"},\"image\":{\"@id\":\"https:\\\/\\\/fundacionfelipegonzalez.org\\\/ca\\\/#\\\/schema\\\/logo\\\/image\\\/\"}},{\"@type\":\"Person\",\"@id\":\"https:\\\/\\\/fundacionfelipegonzalez.org\\\/ca\\\/#\\\/schema\\\/person\\\/c894d4985be026b10c4372d1dc93b4bb\",\"name\":\"Fundaci\u00f3n Felipe Gonz\u00e1lez\",\"image\":{\"@type\":\"ImageObject\",\"inLanguage\":\"ca\",\"@id\":\"https:\\\/\\\/secure.gravatar.com\\\/avatar\\\/ba8e32eb173683b777b4d3a137243ce650ef88c5ef1a8326042e938dac2fcb33?s=96&d=mm&r=g\",\"url\":\"https:\\\/\\\/secure.gravatar.com\\\/avatar\\\/ba8e32eb173683b777b4d3a137243ce650ef88c5ef1a8326042e938dac2fcb33?s=96&d=mm&r=g\",\"contentUrl\":\"https:\\\/\\\/secure.gravatar.com\\\/avatar\\\/ba8e32eb173683b777b4d3a137243ce650ef88c5ef1a8326042e938dac2fcb33?s=96&d=mm&r=g\",\"caption\":\"Fundaci\u00f3n Felipe Gonz\u00e1lez\"}}]}<\/script>\n<!-- \/ Yoast SEO plugin. -->","yoast_head_json":{"title":"\u00bfQui\u00e9n manda aqu\u00ed? - Fundaci\u00f3n Felipe Gonz\u00e1lez","description":"La Fundaci\u00f3n Felipe Gonz\u00e1lez y Debate publican un libro prologado por Felipe Gonz\u00e1lez en el que doce expertos reflexionan sobre la crisis de la democracia.","robots":{"index":"index","follow":"follow","max-snippet":"max-snippet:-1","max-image-preview":"max-image-preview:large","max-video-preview":"max-video-preview:-1"},"canonical":"https:\/\/fundacionfelipegonzalez.org\/ca\/quien-manda-aqui-2\/","og_locale":"ca_ES","og_type":"article","og_title":"\u00bfQui\u00e9n manda aqu\u00ed? - Fundaci\u00f3n Felipe Gonz\u00e1lez","og_description":"La Fundaci\u00f3n Felipe Gonz\u00e1lez y Debate publican un libro prologado por Felipe Gonz\u00e1lez en el que doce expertos reflexionan sobre la crisis de la democracia.","og_url":"https:\/\/fundacionfelipegonzalez.org\/ca\/quien-manda-aqui-2\/","og_site_name":"Fundaci\u00f3n Felipe Gonz\u00e1lez","article_published_time":"2017-03-22T12:48:55+00:00","article_modified_time":"2025-07-24T05:07:35+00:00","og_image":[{"width":1200,"height":800,"url":"https:\/\/fundacionfelipegonzalez.org\/wp-content\/uploads\/2017\/03\/2.jpg","type":"image\/jpeg"}],"author":"Fundaci\u00f3n Felipe Gonz\u00e1lez","twitter_card":"summary_large_image","twitter_misc":{"Escrit per":"Fundaci\u00f3n Felipe Gonz\u00e1lez","Temps estimat de lectura":"3 minuts"},"schema":{"@context":"https:\/\/schema.org","@graph":[{"@type":"Article","@id":"https:\/\/fundacionfelipegonzalez.org\/ca\/quien-manda-aqui-2\/#article","isPartOf":{"@id":"https:\/\/fundacionfelipegonzalez.org\/ca\/quien-manda-aqui-2\/"},"author":{"name":"Fundaci\u00f3n Felipe Gonz\u00e1lez","@id":"https:\/\/fundacionfelipegonzalez.org\/ca\/#\/schema\/person\/c894d4985be026b10c4372d1dc93b4bb"},"headline":"\u00bfQui\u00e9n manda aqu\u00ed?","datePublished":"2017-03-22T12:48:55+00:00","dateModified":"2025-07-24T05:07:35+00:00","mainEntityOfPage":{"@id":"https:\/\/fundacionfelipegonzalez.org\/ca\/quien-manda-aqui-2\/"},"wordCount":453,"publisher":{"@id":"https:\/\/fundacionfelipegonzalez.org\/ca\/#organization"},"image":{"@id":"https:\/\/fundacionfelipegonzalez.org\/ca\/quien-manda-aqui-2\/#primaryimage"},"thumbnailUrl":"https:\/\/fundacionfelipegonzalez.org\/wp-content\/uploads\/2017\/03\/2.jpg","articleSection":["Not\u00edcies"],"inLanguage":"ca"},{"@type":"WebPage","@id":"https:\/\/fundacionfelipegonzalez.org\/ca\/quien-manda-aqui-2\/","url":"https:\/\/fundacionfelipegonzalez.org\/ca\/quien-manda-aqui-2\/","name":"\u00bfQui\u00e9n manda aqu\u00ed? - Fundaci\u00f3n Felipe Gonz\u00e1lez","isPartOf":{"@id":"https:\/\/fundacionfelipegonzalez.org\/ca\/#website"},"primaryImageOfPage":{"@id":"https:\/\/fundacionfelipegonzalez.org\/ca\/quien-manda-aqui-2\/#primaryimage"},"image":{"@id":"https:\/\/fundacionfelipegonzalez.org\/ca\/quien-manda-aqui-2\/#primaryimage"},"thumbnailUrl":"https:\/\/fundacionfelipegonzalez.org\/wp-content\/uploads\/2017\/03\/2.jpg","datePublished":"2017-03-22T12:48:55+00:00","dateModified":"2025-07-24T05:07:35+00:00","description":"La Fundaci\u00f3n Felipe Gonz\u00e1lez y Debate publican un libro prologado por Felipe Gonz\u00e1lez en el que doce expertos reflexionan sobre la crisis de la democracia.","breadcrumb":{"@id":"https:\/\/fundacionfelipegonzalez.org\/ca\/quien-manda-aqui-2\/#breadcrumb"},"inLanguage":"ca","potentialAction":[{"@type":"ReadAction","target":["https:\/\/fundacionfelipegonzalez.org\/ca\/quien-manda-aqui-2\/"]}]},{"@type":"ImageObject","inLanguage":"ca","@id":"https:\/\/fundacionfelipegonzalez.org\/ca\/quien-manda-aqui-2\/#primaryimage","url":"https:\/\/fundacionfelipegonzalez.org\/wp-content\/uploads\/2017\/03\/2.jpg","contentUrl":"https:\/\/fundacionfelipegonzalez.org\/wp-content\/uploads\/2017\/03\/2.jpg","width":1200,"height":800},{"@type":"BreadcrumbList","@id":"https:\/\/fundacionfelipegonzalez.org\/ca\/quien-manda-aqui-2\/#breadcrumb","itemListElement":[{"@type":"ListItem","position":1,"name":"Portada","item":"https:\/\/fundacionfelipegonzalez.org\/ca\/"},{"@type":"ListItem","position":2,"name":"\u00bfQui\u00e9n manda aqu\u00ed?"}]},{"@type":"WebSite","@id":"https:\/\/fundacionfelipegonzalez.org\/ca\/#website","url":"https:\/\/fundacionfelipegonzalez.org\/ca\/","name":"Fundaci\u00f3n Felipe Gonz\u00e1lez","description":"","publisher":{"@id":"https:\/\/fundacionfelipegonzalez.org\/ca\/#organization"},"potentialAction":[{"@type":"SearchAction","target":{"@type":"EntryPoint","urlTemplate":"https:\/\/fundacionfelipegonzalez.org\/ca\/?s={search_term_string}"},"query-input":{"@type":"PropertyValueSpecification","valueRequired":true,"valueName":"search_term_string"}}],"inLanguage":"ca"},{"@type":"Organization","@id":"https:\/\/fundacionfelipegonzalez.org\/ca\/#organization","name":"Fundaci\u00f3n Felipe Gonz\u00e1lez","url":"https:\/\/fundacionfelipegonzalez.org\/ca\/","logo":{"@type":"ImageObject","inLanguage":"ca","@id":"https:\/\/fundacionfelipegonzalez.org\/ca\/#\/schema\/logo\/image\/","url":"https:\/\/fundacionfelipegonzalez.org\/wp-content\/uploads\/2025\/07\/logo.png","contentUrl":"https:\/\/fundacionfelipegonzalez.org\/wp-content\/uploads\/2025\/07\/logo.png","width":675,"height":170,"caption":"Fundaci\u00f3n Felipe Gonz\u00e1lez"},"image":{"@id":"https:\/\/fundacionfelipegonzalez.org\/ca\/#\/schema\/logo\/image\/"}},{"@type":"Person","@id":"https:\/\/fundacionfelipegonzalez.org\/ca\/#\/schema\/person\/c894d4985be026b10c4372d1dc93b4bb","name":"Fundaci\u00f3n Felipe Gonz\u00e1lez","image":{"@type":"ImageObject","inLanguage":"ca","@id":"https:\/\/secure.gravatar.com\/avatar\/ba8e32eb173683b777b4d3a137243ce650ef88c5ef1a8326042e938dac2fcb33?s=96&d=mm&r=g","url":"https:\/\/secure.gravatar.com\/avatar\/ba8e32eb173683b777b4d3a137243ce650ef88c5ef1a8326042e938dac2fcb33?s=96&d=mm&r=g","contentUrl":"https:\/\/secure.gravatar.com\/avatar\/ba8e32eb173683b777b4d3a137243ce650ef88c5ef1a8326042e938dac2fcb33?s=96&d=mm&r=g","caption":"Fundaci\u00f3n Felipe Gonz\u00e1lez"}}]}},"_links":{"self":[{"href":"https:\/\/fundacionfelipegonzalez.org\/ca\/wp-json\/wp\/v2\/posts\/9590","targetHints":{"allow":["GET"]}}],"collection":[{"href":"https:\/\/fundacionfelipegonzalez.org\/ca\/wp-json\/wp\/v2\/posts"}],"about":[{"href":"https:\/\/fundacionfelipegonzalez.org\/ca\/wp-json\/wp\/v2\/types\/post"}],"author":[{"embeddable":true,"href":"https:\/\/fundacionfelipegonzalez.org\/ca\/wp-json\/wp\/v2\/users\/7"}],"replies":[{"embeddable":true,"href":"https:\/\/fundacionfelipegonzalez.org\/ca\/wp-json\/wp\/v2\/comments?post=9590"}],"version-history":[{"count":1,"href":"https:\/\/fundacionfelipegonzalez.org\/ca\/wp-json\/wp\/v2\/posts\/9590\/revisions"}],"predecessor-version":[{"id":9627,"href":"https:\/\/fundacionfelipegonzalez.org\/ca\/wp-json\/wp\/v2\/posts\/9590\/revisions\/9627"}],"wp:featuredmedia":[{"embeddable":true,"href":"https:\/\/fundacionfelipegonzalez.org\/ca\/wp-json\/wp\/v2\/media\/9591"}],"wp:attachment":[{"href":"https:\/\/fundacionfelipegonzalez.org\/ca\/wp-json\/wp\/v2\/media?parent=9590"}],"wp:term":[{"taxonomy":"category","embeddable":true,"href":"https:\/\/fundacionfelipegonzalez.org\/ca\/wp-json\/wp\/v2\/categories?post=9590"},{"taxonomy":"post_tag","embeddable":true,"href":"https:\/\/fundacionfelipegonzalez.org\/ca\/wp-json\/wp\/v2\/tags?post=9590"}],"curies":[{"name":"wp","href":"https:\/\/api.w.org\/{rel}","templated":true}]}}