{"id":9585,"date":"2017-03-22T13:12:21","date_gmt":"2017-03-22T12:12:21","guid":{"rendered":"https:\/\/fundacionfelipegonzalez-dev.servidortemporal.net\/reescribiendo-las-reglas-eu\/"},"modified":"2025-07-24T07:06:22","modified_gmt":"2025-07-24T05:06:22","slug":"reescribiendo-las-reglas-eu","status":"publish","type":"post","link":"https:\/\/fundacionfelipegonzalez.org\/ca\/reescribiendo-las-reglas-eu\/","title":{"rendered":"Reescrivint les normes (UE)"},"content":{"rendered":"<p>La Fundaci\u00f3 Europea d&#8217;Estudis Progressistes (Foundation for European Progressive Studies, FEPS) \u00e9s l&#8217;\u00fanic <em>think tank<\/em> progressista d&#8217;\u00e0mbit europeu. La Fundaci\u00f3 Felipe Gonz\u00e1lez en forma part. La FEPS proposa un punt de trobada intel\u00b7lectual entre la socialdemocr\u00e0cia i el projecte europeu, amb el pensament renovat com a centre d&#8217;acci\u00f3. Com a plataforma per a les idees i el di\u00e0leg, la FEPS col\u00b7labora estretament amb les organitzacions socialdem\u00f2crates i, en concret, amb les fundacions nacionals i els grups de reflexi\u00f3 de tota Europa, amb l&#8217;objectiu d&#8217;afrontar els reptes del continent.<\/p>\n<p>La FEPS representa una nova forma de pensar en l&#8217;escena socialdem\u00f2crata, socialista i laboral a Europa. T\u00e9 com a principal prop\u00f2sit fomentar un di\u00e0leg progressista renovat a trav\u00e9s de la recerca, amb programes com ara Next Left i Millennial Dialogue. Organitza activitats presencials i en l\u00ednia, disponibles en diferents formats. Altres eines de la FEPS s\u00f3n la revista <em>Progressive Post <\/em>i la plataforma digital de l&#8217;Observatori Europeu Progressista, a m\u00e9s d&#8217;altres publicacions i actes.<\/p>\n<p>Pel que fa a les seves activitats, es poden classificar en tres \u00e0rees: apoderament democr\u00e0tic (futura Europa social, malestar democr\u00e0tic i governabilitat, igualtat de g\u00e8nere, partidisme i partits europeus), solidaritats globals (nou acord social global, m\u00f3n sostenible, asil i migraci\u00f3, enfortiment dels moviments progressistes internacionals, redefinici\u00f3 de la comunitat) i economia sostenible. El lema de la FEPS recalca el seu objectiu:\u00a0 \u00abtreballar junts en pro d&#8217;una Europa progressista\u00bb.<\/p>\n<p>En aquest sentit, la Fundaci\u00f3 Felipe Gonz\u00e1lez forma part del Grup Consultiu d&#8217;Alt Nivell\u00a0 (HLAG) de la FEPS per al projecte <em>Re \u2013 Writing the Rules (UE).<\/em> Aquesta iniciativa de la FEPS y la Initiative for Policy Dialogue (IPD), dirigida pel Premi Nobel Joseph Stiglitz, t\u00e9 com a objectiu crear una publicaci\u00f3 \u00abgermana\u00bb del prestigi\u00f3s text <em>Reescrivint les normes de l&#8217;economia americana <\/em>en el context europeu.<\/p>\n<p>Joseph Stiglitz, com a continuaci\u00f3 de la seva obra <em>The Price of Inequality: How today\u2019s divided society endangers our future, <\/em>va escriure un nou llibre titulat <em>Reescrivint les normes de l&#8217;economia americana: <\/em>\u00a0<em>Una agenda per al creixement i la prosperitat compartida,<\/em> que va publicar durant la tardor de\u00a0 2015. A l&#8217;obra, Stiglitz afirma que les desigualtats actuals s\u00f3n en realitat fruit de les pol\u00edtiques que es van dur a terme durant els anys 70, sota una dura agenda neoliberal.\u00a0 En aquest sentit, replanteja l&#8217;estructura institucional existent i, independentment de la caiguda recent de 2008, busca un canvi que aturi la tend\u00e8ncia dels rics a fer-se m\u00e9s rics i dels pobres a esdevenir un grup m\u00e9s gran i m\u00e9s empobrit.<\/p>\n<p>Per assegurar que el debat segueixi sent de domini pol\u00edtic dels progressistes, el mes de mar\u00e7 de 2016 es va reunir el Grup Consultiu d&#8217;Alt Nivell a Viena. La trobada va donar lloc a intensos, inspiradors i instructius debats sota els quals van sorgir una s\u00e8rie d&#8217;idees que constituiran l&#8217;esborrany d&#8217;una publicaci\u00f3. El Grup Consultiu d&#8217;Alt Nivell es tornar\u00e0 a reunir per debatre el document final i enllestir-ne la publicaci\u00f3. Tamb\u00e9 establir\u00e0 un full de ruta per lluitar contra les desigualtats, amb l&#8217;aprovaci\u00f3 del professor Stiglitz.<\/p>\n","protected":false},"excerpt":{"rendered":"<p>La Fundaci\u00f3n Felipe Gonz\u00e1lez forma parte del Grupo Consultivo de Alto Nivel de la Foundation for European Progressive Studies (FEPS) para el proyecto &#8220;Re\u2013Writing the Rules (UE)&#8221;<\/p>\n","protected":false},"author":7,"featured_media":0,"comment_status":"closed","ping_status":"closed","sticky":false,"template":"","format":"standard","meta":{"_acf_changed":false,"footnotes":""},"categories":[70],"tags":[],"class_list":["post-9585","post","type-post","status-publish","format-standard","hentry","category-projectes"],"acf":[],"yoast_head":"<!-- This site is optimized with the Yoast SEO plugin v27.5 - https:\/\/yoast.com\/product\/yoast-seo-wordpress\/ -->\n<title>La Fundaci\u00f3n Europea de Estudios Progresistas y la Fundaci\u00f3n Felipe Gonz\u00e1lez - Reescribiendo las reglas<\/title>\n<meta name=\"description\" content=\"La Fundaci\u00f3n Europea de Estudios Progresistas es el \u00fanico think tank progresista en el \u00e1mbito europeo y del que forma parte la Fundaci\u00f3n Felipe Gonz\u00e1lez.\" \/>\n<meta name=\"robots\" content=\"index, follow, max-snippet:-1, max-image-preview:large, max-video-preview:-1\" \/>\n<link rel=\"canonical\" href=\"https:\/\/fundacionfelipegonzalez.org\/ca\/reescribiendo-las-reglas-eu\/\" \/>\n<meta property=\"og:locale\" content=\"ca_ES\" \/>\n<meta property=\"og:type\" content=\"article\" \/>\n<meta property=\"og:title\" content=\"La Fundaci\u00f3n Europea de Estudios Progresistas y la Fundaci\u00f3n Felipe Gonz\u00e1lez - Reescribiendo las reglas\" \/>\n<meta property=\"og:description\" content=\"La Fundaci\u00f3n Europea de Estudios Progresistas es el \u00fanico think tank progresista en el \u00e1mbito europeo y del que forma parte la Fundaci\u00f3n Felipe Gonz\u00e1lez.\" \/>\n<meta property=\"og:url\" content=\"https:\/\/fundacionfelipegonzalez.org\/ca\/reescribiendo-las-reglas-eu\/\" \/>\n<meta property=\"og:site_name\" content=\"Fundaci\u00f3n Felipe Gonz\u00e1lez\" \/>\n<meta property=\"article:published_time\" content=\"2017-03-22T12:12:21+00:00\" \/>\n<meta property=\"article:modified_time\" content=\"2025-07-24T05:06:22+00:00\" \/>\n<meta name=\"author\" content=\"Fundaci\u00f3n Felipe Gonz\u00e1lez\" \/>\n<meta name=\"twitter:card\" content=\"summary_large_image\" \/>\n<meta name=\"twitter:label1\" content=\"Escrit per\" \/>\n\t<meta name=\"twitter:data1\" content=\"Fundaci\u00f3n Felipe Gonz\u00e1lez\" \/>\n\t<meta name=\"twitter:label2\" content=\"Temps estimat de lectura\" \/>\n\t<meta name=\"twitter:data2\" content=\"3 minuts\" \/>\n<script type=\"application\/ld+json\" class=\"yoast-schema-graph\">{\"@context\":\"https:\\\/\\\/schema.org\",\"@graph\":[{\"@type\":\"Article\",\"@id\":\"https:\\\/\\\/fundacionfelipegonzalez.org\\\/ca\\\/reescribiendo-las-reglas-eu\\\/#article\",\"isPartOf\":{\"@id\":\"https:\\\/\\\/fundacionfelipegonzalez.org\\\/ca\\\/reescribiendo-las-reglas-eu\\\/\"},\"author\":{\"name\":\"Fundaci\u00f3n Felipe Gonz\u00e1lez\",\"@id\":\"https:\\\/\\\/fundacionfelipegonzalez.org\\\/ca\\\/#\\\/schema\\\/person\\\/c894d4985be026b10c4372d1dc93b4bb\"},\"headline\":\"Reescrivint les normes (UE)\",\"datePublished\":\"2017-03-22T12:12:21+00:00\",\"dateModified\":\"2025-07-24T05:06:22+00:00\",\"mainEntityOfPage\":{\"@id\":\"https:\\\/\\\/fundacionfelipegonzalez.org\\\/ca\\\/reescribiendo-las-reglas-eu\\\/\"},\"wordCount\":549,\"publisher\":{\"@id\":\"https:\\\/\\\/fundacionfelipegonzalez.org\\\/ca\\\/#organization\"},\"articleSection\":[\"Projectes\"],\"inLanguage\":\"ca\"},{\"@type\":\"WebPage\",\"@id\":\"https:\\\/\\\/fundacionfelipegonzalez.org\\\/ca\\\/reescribiendo-las-reglas-eu\\\/\",\"url\":\"https:\\\/\\\/fundacionfelipegonzalez.org\\\/ca\\\/reescribiendo-las-reglas-eu\\\/\",\"name\":\"La Fundaci\u00f3n Europea de Estudios Progresistas y la Fundaci\u00f3n Felipe Gonz\u00e1lez - Reescribiendo las reglas\",\"isPartOf\":{\"@id\":\"https:\\\/\\\/fundacionfelipegonzalez.org\\\/ca\\\/#website\"},\"datePublished\":\"2017-03-22T12:12:21+00:00\",\"dateModified\":\"2025-07-24T05:06:22+00:00\",\"description\":\"La Fundaci\u00f3n Europea de Estudios Progresistas es el \u00fanico think tank progresista en el \u00e1mbito europeo y del que forma parte la Fundaci\u00f3n Felipe Gonz\u00e1lez.\",\"breadcrumb\":{\"@id\":\"https:\\\/\\\/fundacionfelipegonzalez.org\\\/ca\\\/reescribiendo-las-reglas-eu\\\/#breadcrumb\"},\"inLanguage\":\"ca\",\"potentialAction\":[{\"@type\":\"ReadAction\",\"target\":[\"https:\\\/\\\/fundacionfelipegonzalez.org\\\/ca\\\/reescribiendo-las-reglas-eu\\\/\"]}]},{\"@type\":\"BreadcrumbList\",\"@id\":\"https:\\\/\\\/fundacionfelipegonzalez.org\\\/ca\\\/reescribiendo-las-reglas-eu\\\/#breadcrumb\",\"itemListElement\":[{\"@type\":\"ListItem\",\"position\":1,\"name\":\"Portada\",\"item\":\"https:\\\/\\\/fundacionfelipegonzalez.org\\\/ca\\\/\"},{\"@type\":\"ListItem\",\"position\":2,\"name\":\"Reescrivint les normes (UE)\"}]},{\"@type\":\"WebSite\",\"@id\":\"https:\\\/\\\/fundacionfelipegonzalez.org\\\/ca\\\/#website\",\"url\":\"https:\\\/\\\/fundacionfelipegonzalez.org\\\/ca\\\/\",\"name\":\"Fundaci\u00f3n Felipe Gonz\u00e1lez\",\"description\":\"\",\"publisher\":{\"@id\":\"https:\\\/\\\/fundacionfelipegonzalez.org\\\/ca\\\/#organization\"},\"potentialAction\":[{\"@type\":\"SearchAction\",\"target\":{\"@type\":\"EntryPoint\",\"urlTemplate\":\"https:\\\/\\\/fundacionfelipegonzalez.org\\\/ca\\\/?s={search_term_string}\"},\"query-input\":{\"@type\":\"PropertyValueSpecification\",\"valueRequired\":true,\"valueName\":\"search_term_string\"}}],\"inLanguage\":\"ca\"},{\"@type\":\"Organization\",\"@id\":\"https:\\\/\\\/fundacionfelipegonzalez.org\\\/ca\\\/#organization\",\"name\":\"Fundaci\u00f3n Felipe Gonz\u00e1lez\",\"url\":\"https:\\\/\\\/fundacionfelipegonzalez.org\\\/ca\\\/\",\"logo\":{\"@type\":\"ImageObject\",\"inLanguage\":\"ca\",\"@id\":\"https:\\\/\\\/fundacionfelipegonzalez.org\\\/ca\\\/#\\\/schema\\\/logo\\\/image\\\/\",\"url\":\"https:\\\/\\\/fundacionfelipegonzalez.org\\\/wp-content\\\/uploads\\\/2025\\\/07\\\/logo.png\",\"contentUrl\":\"https:\\\/\\\/fundacionfelipegonzalez.org\\\/wp-content\\\/uploads\\\/2025\\\/07\\\/logo.png\",\"width\":675,\"height\":170,\"caption\":\"Fundaci\u00f3n Felipe Gonz\u00e1lez\"},\"image\":{\"@id\":\"https:\\\/\\\/fundacionfelipegonzalez.org\\\/ca\\\/#\\\/schema\\\/logo\\\/image\\\/\"}},{\"@type\":\"Person\",\"@id\":\"https:\\\/\\\/fundacionfelipegonzalez.org\\\/ca\\\/#\\\/schema\\\/person\\\/c894d4985be026b10c4372d1dc93b4bb\",\"name\":\"Fundaci\u00f3n Felipe Gonz\u00e1lez\",\"image\":{\"@type\":\"ImageObject\",\"inLanguage\":\"ca\",\"@id\":\"https:\\\/\\\/secure.gravatar.com\\\/avatar\\\/ba8e32eb173683b777b4d3a137243ce650ef88c5ef1a8326042e938dac2fcb33?s=96&d=mm&r=g\",\"url\":\"https:\\\/\\\/secure.gravatar.com\\\/avatar\\\/ba8e32eb173683b777b4d3a137243ce650ef88c5ef1a8326042e938dac2fcb33?s=96&d=mm&r=g\",\"contentUrl\":\"https:\\\/\\\/secure.gravatar.com\\\/avatar\\\/ba8e32eb173683b777b4d3a137243ce650ef88c5ef1a8326042e938dac2fcb33?s=96&d=mm&r=g\",\"caption\":\"Fundaci\u00f3n Felipe Gonz\u00e1lez\"}}]}<\/script>\n<!-- \/ Yoast SEO plugin. -->","yoast_head_json":{"title":"La Fundaci\u00f3n Europea de Estudios Progresistas y la Fundaci\u00f3n Felipe Gonz\u00e1lez - Reescribiendo las reglas","description":"La Fundaci\u00f3n Europea de Estudios Progresistas es el \u00fanico think tank progresista en el \u00e1mbito europeo y del que forma parte la Fundaci\u00f3n Felipe Gonz\u00e1lez.","robots":{"index":"index","follow":"follow","max-snippet":"max-snippet:-1","max-image-preview":"max-image-preview:large","max-video-preview":"max-video-preview:-1"},"canonical":"https:\/\/fundacionfelipegonzalez.org\/ca\/reescribiendo-las-reglas-eu\/","og_locale":"ca_ES","og_type":"article","og_title":"La Fundaci\u00f3n Europea de Estudios Progresistas y la Fundaci\u00f3n Felipe Gonz\u00e1lez - Reescribiendo las reglas","og_description":"La Fundaci\u00f3n Europea de Estudios Progresistas es el \u00fanico think tank progresista en el \u00e1mbito europeo y del que forma parte la Fundaci\u00f3n Felipe Gonz\u00e1lez.","og_url":"https:\/\/fundacionfelipegonzalez.org\/ca\/reescribiendo-las-reglas-eu\/","og_site_name":"Fundaci\u00f3n Felipe Gonz\u00e1lez","article_published_time":"2017-03-22T12:12:21+00:00","article_modified_time":"2025-07-24T05:06:22+00:00","author":"Fundaci\u00f3n Felipe Gonz\u00e1lez","twitter_card":"summary_large_image","twitter_misc":{"Escrit per":"Fundaci\u00f3n Felipe Gonz\u00e1lez","Temps estimat de lectura":"3 minuts"},"schema":{"@context":"https:\/\/schema.org","@graph":[{"@type":"Article","@id":"https:\/\/fundacionfelipegonzalez.org\/ca\/reescribiendo-las-reglas-eu\/#article","isPartOf":{"@id":"https:\/\/fundacionfelipegonzalez.org\/ca\/reescribiendo-las-reglas-eu\/"},"author":{"name":"Fundaci\u00f3n Felipe Gonz\u00e1lez","@id":"https:\/\/fundacionfelipegonzalez.org\/ca\/#\/schema\/person\/c894d4985be026b10c4372d1dc93b4bb"},"headline":"Reescrivint les normes (UE)","datePublished":"2017-03-22T12:12:21+00:00","dateModified":"2025-07-24T05:06:22+00:00","mainEntityOfPage":{"@id":"https:\/\/fundacionfelipegonzalez.org\/ca\/reescribiendo-las-reglas-eu\/"},"wordCount":549,"publisher":{"@id":"https:\/\/fundacionfelipegonzalez.org\/ca\/#organization"},"articleSection":["Projectes"],"inLanguage":"ca"},{"@type":"WebPage","@id":"https:\/\/fundacionfelipegonzalez.org\/ca\/reescribiendo-las-reglas-eu\/","url":"https:\/\/fundacionfelipegonzalez.org\/ca\/reescribiendo-las-reglas-eu\/","name":"La Fundaci\u00f3n Europea de Estudios Progresistas y la Fundaci\u00f3n Felipe Gonz\u00e1lez - Reescribiendo las reglas","isPartOf":{"@id":"https:\/\/fundacionfelipegonzalez.org\/ca\/#website"},"datePublished":"2017-03-22T12:12:21+00:00","dateModified":"2025-07-24T05:06:22+00:00","description":"La Fundaci\u00f3n Europea de Estudios Progresistas es el \u00fanico think tank progresista en el \u00e1mbito europeo y del que forma parte la Fundaci\u00f3n Felipe Gonz\u00e1lez.","breadcrumb":{"@id":"https:\/\/fundacionfelipegonzalez.org\/ca\/reescribiendo-las-reglas-eu\/#breadcrumb"},"inLanguage":"ca","potentialAction":[{"@type":"ReadAction","target":["https:\/\/fundacionfelipegonzalez.org\/ca\/reescribiendo-las-reglas-eu\/"]}]},{"@type":"BreadcrumbList","@id":"https:\/\/fundacionfelipegonzalez.org\/ca\/reescribiendo-las-reglas-eu\/#breadcrumb","itemListElement":[{"@type":"ListItem","position":1,"name":"Portada","item":"https:\/\/fundacionfelipegonzalez.org\/ca\/"},{"@type":"ListItem","position":2,"name":"Reescrivint les normes (UE)"}]},{"@type":"WebSite","@id":"https:\/\/fundacionfelipegonzalez.org\/ca\/#website","url":"https:\/\/fundacionfelipegonzalez.org\/ca\/","name":"Fundaci\u00f3n Felipe Gonz\u00e1lez","description":"","publisher":{"@id":"https:\/\/fundacionfelipegonzalez.org\/ca\/#organization"},"potentialAction":[{"@type":"SearchAction","target":{"@type":"EntryPoint","urlTemplate":"https:\/\/fundacionfelipegonzalez.org\/ca\/?s={search_term_string}"},"query-input":{"@type":"PropertyValueSpecification","valueRequired":true,"valueName":"search_term_string"}}],"inLanguage":"ca"},{"@type":"Organization","@id":"https:\/\/fundacionfelipegonzalez.org\/ca\/#organization","name":"Fundaci\u00f3n Felipe Gonz\u00e1lez","url":"https:\/\/fundacionfelipegonzalez.org\/ca\/","logo":{"@type":"ImageObject","inLanguage":"ca","@id":"https:\/\/fundacionfelipegonzalez.org\/ca\/#\/schema\/logo\/image\/","url":"https:\/\/fundacionfelipegonzalez.org\/wp-content\/uploads\/2025\/07\/logo.png","contentUrl":"https:\/\/fundacionfelipegonzalez.org\/wp-content\/uploads\/2025\/07\/logo.png","width":675,"height":170,"caption":"Fundaci\u00f3n Felipe Gonz\u00e1lez"},"image":{"@id":"https:\/\/fundacionfelipegonzalez.org\/ca\/#\/schema\/logo\/image\/"}},{"@type":"Person","@id":"https:\/\/fundacionfelipegonzalez.org\/ca\/#\/schema\/person\/c894d4985be026b10c4372d1dc93b4bb","name":"Fundaci\u00f3n Felipe Gonz\u00e1lez","image":{"@type":"ImageObject","inLanguage":"ca","@id":"https:\/\/secure.gravatar.com\/avatar\/ba8e32eb173683b777b4d3a137243ce650ef88c5ef1a8326042e938dac2fcb33?s=96&d=mm&r=g","url":"https:\/\/secure.gravatar.com\/avatar\/ba8e32eb173683b777b4d3a137243ce650ef88c5ef1a8326042e938dac2fcb33?s=96&d=mm&r=g","contentUrl":"https:\/\/secure.gravatar.com\/avatar\/ba8e32eb173683b777b4d3a137243ce650ef88c5ef1a8326042e938dac2fcb33?s=96&d=mm&r=g","caption":"Fundaci\u00f3n Felipe Gonz\u00e1lez"}}]}},"_links":{"self":[{"href":"https:\/\/fundacionfelipegonzalez.org\/ca\/wp-json\/wp\/v2\/posts\/9585","targetHints":{"allow":["GET"]}}],"collection":[{"href":"https:\/\/fundacionfelipegonzalez.org\/ca\/wp-json\/wp\/v2\/posts"}],"about":[{"href":"https:\/\/fundacionfelipegonzalez.org\/ca\/wp-json\/wp\/v2\/types\/post"}],"author":[{"embeddable":true,"href":"https:\/\/fundacionfelipegonzalez.org\/ca\/wp-json\/wp\/v2\/users\/7"}],"replies":[{"embeddable":true,"href":"https:\/\/fundacionfelipegonzalez.org\/ca\/wp-json\/wp\/v2\/comments?post=9585"}],"version-history":[{"count":1,"href":"https:\/\/fundacionfelipegonzalez.org\/ca\/wp-json\/wp\/v2\/posts\/9585\/revisions"}],"predecessor-version":[{"id":9624,"href":"https:\/\/fundacionfelipegonzalez.org\/ca\/wp-json\/wp\/v2\/posts\/9585\/revisions\/9624"}],"wp:attachment":[{"href":"https:\/\/fundacionfelipegonzalez.org\/ca\/wp-json\/wp\/v2\/media?parent=9585"}],"wp:term":[{"taxonomy":"category","embeddable":true,"href":"https:\/\/fundacionfelipegonzalez.org\/ca\/wp-json\/wp\/v2\/categories?post=9585"},{"taxonomy":"post_tag","embeddable":true,"href":"https:\/\/fundacionfelipegonzalez.org\/ca\/wp-json\/wp\/v2\/tags?post=9585"}],"curies":[{"name":"wp","href":"https:\/\/api.w.org\/{rel}","templated":true}]}}